{"id":742,"date":"2025-07-04T11:47:58","date_gmt":"2025-07-04T09:47:58","guid":{"rendered":"http:\/\/niziointerior.pl\/?p=742"},"modified":"2025-11-06T05:38:02","modified_gmt":"2025-11-06T04:38:02","slug":"f15-black","status":"publish","type":"post","link":"https:\/\/niziointerior.pl\/en\/f15-black\/","title":{"rendered":"F|15 black"},"content":{"rendered":"<p><a href=\"https:\/\/niziointerior.pl\/en\/\">Nizio Interior\u00a0<\/a>\/\u00a0<a href=\"https:\/\/niziointerior.pl\/en\/meble\/\">Furniture<\/a>\u00a0\/\u00a0<a href=\"https:\/\/niziointerior.pl\/en\/fotele\/\">Fotele<\/a>\u00a0\/<strong> F|15 black<\/strong><\/p>\n\n\n\n<div class=\"wp-block-columns is-layout-flex wp-container-core-columns-is-layout-658170e2 wp-block-columns-is-layout-flex\">\n<div class=\"wp-block-column is-layout-flow wp-block-column-is-layout-flow\">\n<figure class=\"wp-block-image size-full\"><img loading=\"lazy\" decoding=\"async\" width=\"363\" height=\"544\" src=\"http:\/\/niziointerior.pl\/wp-content\/uploads\/2025\/07\/F-15_a.jpg\" alt=\"\" class=\"wp-image-743\" srcset=\"https:\/\/niziointerior.pl\/wp-content\/uploads\/2025\/07\/F-15_a.jpg 363w, https:\/\/niziointerior.pl\/wp-content\/uploads\/2025\/07\/F-15_a-200x300.jpg 200w, https:\/\/niziointerior.pl\/wp-content\/uploads\/2025\/07\/F-15_a-8x12.jpg 8w\" sizes=\"auto, (max-width: 363px) 100vw, 363px\" \/><\/figure>\n<\/div>\n\n\n\n<div class=\"wp-block-column is-layout-flow wp-block-column-is-layout-flow\"><h2 class=\"wp-block-post-title\">F|15 black<\/h2>\n\n\n<div style=\"height:20px\" aria-hidden=\"true\" class=\"wp-block-spacer\"><\/div>\n\n\n\n<p>gross price<\/p>\n\n\n\n<p class=\"has-large-font-size\">from 6800,00 PLN&nbsp;<\/p>\n\n\n\n<p><br>An armchair with steel and wooden structure. The\nskids are made of steel frames with rounded upper corners. The armrests, seat frames and the backrest are finished with oak wood. The upholstery is finished with dark gray wool fabric.<br><br><\/p>\n\n\n\n<p><strong>construction:&nbsp;<\/strong><\/p>\n\n\n\n<p>Black steel finished with oil\/steel powder coated\nwith RAL palette colour.&nbsp;<br><br><\/p>\n\n\n\n<p><strong>upholstery:&nbsp;<\/strong><\/p>\n\n\n\n<p>Natural leather\/fabric&nbsp;<br><br><\/p>\n\n\n\n<p><strong>size <\/strong><\/p>\n\n\n\n<p>height: 840mm&nbsp;<\/p>\n\n\n\n<p>width: 600mm&nbsp;<\/p>\n<\/div>\n<\/div>\n\n\n\n<div style=\"height:12px\" aria-hidden=\"true\" class=\"wp-block-spacer\"><\/div>\n\n\n\n<figure class=\"wp-block-gallery has-nested-images columns-default is-cropped wp-block-gallery-1 is-layout-flex wp-block-gallery-is-layout-flex\">\n<figure class=\"wp-block-image size-large\"><a href=\"http:\/\/niziointerior.pl\/wp-content\/uploads\/2025\/07\/F-15_c.jpg\"><img loading=\"lazy\" decoding=\"async\" width=\"363\" height=\"544\" data-id=\"744\" src=\"http:\/\/niziointerior.pl\/wp-content\/uploads\/2025\/07\/F-15_c.jpg\" alt=\"\" class=\"wp-image-744\" srcset=\"https:\/\/niziointerior.pl\/wp-content\/uploads\/2025\/07\/F-15_c.jpg 363w, https:\/\/niziointerior.pl\/wp-content\/uploads\/2025\/07\/F-15_c-200x300.jpg 200w, https:\/\/niziointerior.pl\/wp-content\/uploads\/2025\/07\/F-15_c-8x12.jpg 8w\" sizes=\"auto, (max-width: 363px) 100vw, 363px\" \/><\/a><\/figure>\n\n\n\n<figure class=\"wp-block-image size-large\"><a href=\"http:\/\/niziointerior.pl\/wp-content\/uploads\/2025\/07\/F-15_b.jpg\"><img loading=\"lazy\" decoding=\"async\" width=\"363\" height=\"544\" data-id=\"745\" src=\"http:\/\/niziointerior.pl\/wp-content\/uploads\/2025\/07\/F-15_b.jpg\" alt=\"\" class=\"wp-image-745\" srcset=\"https:\/\/niziointerior.pl\/wp-content\/uploads\/2025\/07\/F-15_b.jpg 363w, https:\/\/niziointerior.pl\/wp-content\/uploads\/2025\/07\/F-15_b-200x300.jpg 200w, https:\/\/niziointerior.pl\/wp-content\/uploads\/2025\/07\/F-15_b-8x12.jpg 8w\" sizes=\"auto, (max-width: 363px) 100vw, 363px\" \/><\/a><\/figure>\n<\/figure>","protected":false},"excerpt":{"rendered":"<p>Nizio Interior\u00a0\/\u00a0Meble\u00a0\/\u00a0Fotele\u00a0\/ F|15 black cena brutto od 6800,00 PLN&nbsp; Fotel o konstrukcji stalowo-drewnianej. P\u0142ozy mebla zosta\u0142y wykonane w formie ram stalowych o zaoblonych g\u00f3rnych naro\u017cnikach. Pod\u0142okietniki, ramy siedziska oraz oparcie wyko\u0144czone drewnem d\u0119bowym. Obicie tapicerowane tkanin\u0105 we\u0142nian\u0105 w kolorze ciemnoszarym. konstrukcja:&nbsp; Stal czarna olejowana\/stal malowana proszkowo na kolor z palety RAL&nbsp; tapicerka:&nbsp; Sk\u00f3ra naturalna\/tkanina&nbsp; wymiary [&hellip;]<\/p>","protected":false},"author":1,"featured_media":743,"comment_status":"open","ping_status":"open","sticky":false,"template":"","format":"standard","meta":{"footnotes":""},"categories":[22,28],"tags":[],"class_list":["post-742","post","type-post","status-publish","format-standard","has-post-thumbnail","hentry","category-fotele","category-meble"],"yoast_head":"<!-- This site is optimized with the Yoast SEO plugin v26.4 - https:\/\/yoast.com\/wordpress\/plugins\/seo\/ -->\n<title>F|15 black - Nizio Interior<\/title>\n<meta name=\"robots\" content=\"index, follow, max-snippet:-1, max-image-preview:large, max-video-preview:-1\" \/>\n<link rel=\"canonical\" href=\"https:\/\/niziointerior.pl\/en\/f15-black\/\" \/>\n<meta property=\"og:locale\" content=\"en_GB\" \/>\n<meta property=\"og:type\" content=\"article\" \/>\n<meta property=\"og:title\" content=\"F|15 black - Nizio Interior\" \/>\n<meta property=\"og:description\" content=\"Nizio Interior\u00a0\/\u00a0Meble\u00a0\/\u00a0Fotele\u00a0\/ F|15 black cena brutto od 6800,00 PLN&nbsp; Fotel o konstrukcji stalowo-drewnianej. P\u0142ozy mebla zosta\u0142y wykonane w formie ram stalowych o zaoblonych g\u00f3rnych naro\u017cnikach. Pod\u0142okietniki, ramy siedziska oraz oparcie wyko\u0144czone drewnem d\u0119bowym. Obicie tapicerowane tkanin\u0105 we\u0142nian\u0105 w kolorze ciemnoszarym. konstrukcja:&nbsp; Stal czarna olejowana\/stal malowana proszkowo na kolor z palety RAL&nbsp; tapicerka:&nbsp; Sk\u00f3ra naturalna\/tkanina&nbsp; wymiary [&hellip;]\" \/>\n<meta property=\"og:url\" content=\"https:\/\/niziointerior.pl\/en\/f15-black\/\" \/>\n<meta property=\"og:site_name\" content=\"Nizio Interior\" \/>\n<meta property=\"article:published_time\" content=\"2025-07-04T09:47:58+00:00\" \/>\n<meta property=\"article:modified_time\" content=\"2025-11-06T04:38:02+00:00\" \/>\n<meta property=\"og:image\" content=\"https:\/\/niziointerior.pl\/wp-content\/uploads\/2025\/07\/F-15_a.jpg\" \/>\n\t<meta property=\"og:image:width\" content=\"363\" \/>\n\t<meta property=\"og:image:height\" content=\"544\" \/>\n\t<meta property=\"og:image:type\" content=\"image\/jpeg\" \/>\n<meta name=\"author\" content=\"admin\" \/>\n<meta name=\"twitter:card\" content=\"summary_large_image\" \/>\n<meta name=\"twitter:label1\" content=\"Written by\" \/>\n\t<meta name=\"twitter:data1\" content=\"admin\" \/>\n<script type=\"application\/ld+json\" class=\"yoast-schema-graph\">{\"@context\":\"https:\/\/schema.org\",\"@graph\":[{\"@type\":\"Article\",\"@id\":\"https:\/\/niziointerior.pl\/f15-black\/#article\",\"isPartOf\":{\"@id\":\"https:\/\/niziointerior.pl\/f15-black\/\"},\"author\":{\"name\":\"admin\",\"@id\":\"https:\/\/niziointerior.pl\/#\/schema\/person\/9b3f4c966e4bf7dca745a02ff6f9d9e3\"},\"headline\":\"F|15 black\",\"datePublished\":\"2025-07-04T09:47:58+00:00\",\"dateModified\":\"2025-11-06T04:38:02+00:00\",\"mainEntityOfPage\":{\"@id\":\"https:\/\/niziointerior.pl\/f15-black\/\"},\"wordCount\":80,\"commentCount\":0,\"publisher\":{\"@id\":\"https:\/\/niziointerior.pl\/#organization\"},\"image\":{\"@id\":\"https:\/\/niziointerior.pl\/f15-black\/#primaryimage\"},\"thumbnailUrl\":\"https:\/\/niziointerior.pl\/wp-content\/uploads\/2025\/07\/F-15_a.jpg\",\"articleSection\":[\"Fotele\",\"Meble\"],\"inLanguage\":\"en-GB\",\"potentialAction\":[{\"@type\":\"CommentAction\",\"name\":\"Comment\",\"target\":[\"https:\/\/niziointerior.pl\/f15-black\/#respond\"]}]},{\"@type\":\"WebPage\",\"@id\":\"https:\/\/niziointerior.pl\/f15-black\/\",\"url\":\"https:\/\/niziointerior.pl\/f15-black\/\",\"name\":\"F|15 black - Nizio Interior\",\"isPartOf\":{\"@id\":\"https:\/\/niziointerior.pl\/#website\"},\"primaryImageOfPage\":{\"@id\":\"https:\/\/niziointerior.pl\/f15-black\/#primaryimage\"},\"image\":{\"@id\":\"https:\/\/niziointerior.pl\/f15-black\/#primaryimage\"},\"thumbnailUrl\":\"https:\/\/niziointerior.pl\/wp-content\/uploads\/2025\/07\/F-15_a.jpg\",\"datePublished\":\"2025-07-04T09:47:58+00:00\",\"dateModified\":\"2025-11-06T04:38:02+00:00\",\"breadcrumb\":{\"@id\":\"https:\/\/niziointerior.pl\/f15-black\/#breadcrumb\"},\"inLanguage\":\"en-GB\",\"potentialAction\":[{\"@type\":\"ReadAction\",\"target\":[\"https:\/\/niziointerior.pl\/f15-black\/\"]}]},{\"@type\":\"ImageObject\",\"inLanguage\":\"en-GB\",\"@id\":\"https:\/\/niziointerior.pl\/f15-black\/#primaryimage\",\"url\":\"https:\/\/niziointerior.pl\/wp-content\/uploads\/2025\/07\/F-15_a.jpg\",\"contentUrl\":\"https:\/\/niziointerior.pl\/wp-content\/uploads\/2025\/07\/F-15_a.jpg\",\"width\":363,\"height\":544},{\"@type\":\"BreadcrumbList\",\"@id\":\"https:\/\/niziointerior.pl\/f15-black\/#breadcrumb\",\"itemListElement\":[{\"@type\":\"ListItem\",\"position\":1,\"name\":\"Strona g\u0142\u00f3wna\",\"item\":\"https:\/\/niziointerior.pl\/\"},{\"@type\":\"ListItem\",\"position\":2,\"name\":\"F|15 black\"}]},{\"@type\":\"WebSite\",\"@id\":\"https:\/\/niziointerior.pl\/#website\",\"url\":\"https:\/\/niziointerior.pl\/\",\"name\":\"Nizio Interior\",\"description\":\"\",\"publisher\":{\"@id\":\"https:\/\/niziointerior.pl\/#organization\"},\"potentialAction\":[{\"@type\":\"SearchAction\",\"target\":{\"@type\":\"EntryPoint\",\"urlTemplate\":\"https:\/\/niziointerior.pl\/?s={search_term_string}\"},\"query-input\":{\"@type\":\"PropertyValueSpecification\",\"valueRequired\":true,\"valueName\":\"search_term_string\"}}],\"inLanguage\":\"en-GB\"},{\"@type\":\"Organization\",\"@id\":\"https:\/\/niziointerior.pl\/#organization\",\"name\":\"Nizio Interior\",\"url\":\"https:\/\/niziointerior.pl\/\",\"logo\":{\"@type\":\"ImageObject\",\"inLanguage\":\"en-GB\",\"@id\":\"https:\/\/niziointerior.pl\/#\/schema\/logo\/image\/\",\"url\":\"https:\/\/niziointerior.pl\/wp-content\/uploads\/2025\/06\/Vector1.png\",\"contentUrl\":\"https:\/\/niziointerior.pl\/wp-content\/uploads\/2025\/06\/Vector1.png\",\"width\":512,\"height\":815,\"caption\":\"Nizio Interior\"},\"image\":{\"@id\":\"https:\/\/niziointerior.pl\/#\/schema\/logo\/image\/\"}},{\"@type\":\"Person\",\"@id\":\"https:\/\/niziointerior.pl\/#\/schema\/person\/9b3f4c966e4bf7dca745a02ff6f9d9e3\",\"name\":\"admin\",\"image\":{\"@type\":\"ImageObject\",\"inLanguage\":\"en-GB\",\"@id\":\"https:\/\/niziointerior.pl\/#\/schema\/person\/image\/\",\"url\":\"https:\/\/secure.gravatar.com\/avatar\/76442c323348fb7fa63d7d5b8a18b139f26eef839f4c4fb805077a15af08f3fe?s=96&d=mm&r=g\",\"contentUrl\":\"https:\/\/secure.gravatar.com\/avatar\/76442c323348fb7fa63d7d5b8a18b139f26eef839f4c4fb805077a15af08f3fe?s=96&d=mm&r=g\",\"caption\":\"admin\"},\"sameAs\":[\"http:\/\/niziointerior.pl\"],\"url\":\"https:\/\/niziointerior.pl\/en\/author\/admin\/\"}]}<\/script>\n<!-- \/ Yoast SEO plugin. -->","yoast_head_json":{"title":"F|15 black - Nizio Interior","robots":{"index":"index","follow":"follow","max-snippet":"max-snippet:-1","max-image-preview":"max-image-preview:large","max-video-preview":"max-video-preview:-1"},"canonical":"https:\/\/niziointerior.pl\/en\/f15-black\/","og_locale":"en_GB","og_type":"article","og_title":"F|15 black - Nizio Interior","og_description":"Nizio Interior\u00a0\/\u00a0Meble\u00a0\/\u00a0Fotele\u00a0\/ F|15 black cena brutto od 6800,00 PLN&nbsp; Fotel o konstrukcji stalowo-drewnianej. P\u0142ozy mebla zosta\u0142y wykonane w formie ram stalowych o zaoblonych g\u00f3rnych naro\u017cnikach. Pod\u0142okietniki, ramy siedziska oraz oparcie wyko\u0144czone drewnem d\u0119bowym. Obicie tapicerowane tkanin\u0105 we\u0142nian\u0105 w kolorze ciemnoszarym. konstrukcja:&nbsp; Stal czarna olejowana\/stal malowana proszkowo na kolor z palety RAL&nbsp; tapicerka:&nbsp; Sk\u00f3ra naturalna\/tkanina&nbsp; wymiary [&hellip;]","og_url":"https:\/\/niziointerior.pl\/en\/f15-black\/","og_site_name":"Nizio Interior","article_published_time":"2025-07-04T09:47:58+00:00","article_modified_time":"2025-11-06T04:38:02+00:00","og_image":[{"width":363,"height":544,"url":"https:\/\/niziointerior.pl\/wp-content\/uploads\/2025\/07\/F-15_a.jpg","type":"image\/jpeg"}],"author":"admin","twitter_card":"summary_large_image","twitter_misc":{"Written by":"admin"},"schema":{"@context":"https:\/\/schema.org","@graph":[{"@type":"Article","@id":"https:\/\/niziointerior.pl\/f15-black\/#article","isPartOf":{"@id":"https:\/\/niziointerior.pl\/f15-black\/"},"author":{"name":"admin","@id":"https:\/\/niziointerior.pl\/#\/schema\/person\/9b3f4c966e4bf7dca745a02ff6f9d9e3"},"headline":"F|15 black","datePublished":"2025-07-04T09:47:58+00:00","dateModified":"2025-11-06T04:38:02+00:00","mainEntityOfPage":{"@id":"https:\/\/niziointerior.pl\/f15-black\/"},"wordCount":80,"commentCount":0,"publisher":{"@id":"https:\/\/niziointerior.pl\/#organization"},"image":{"@id":"https:\/\/niziointerior.pl\/f15-black\/#primaryimage"},"thumbnailUrl":"https:\/\/niziointerior.pl\/wp-content\/uploads\/2025\/07\/F-15_a.jpg","articleSection":["Fotele","Meble"],"inLanguage":"en-GB","potentialAction":[{"@type":"CommentAction","name":"Comment","target":["https:\/\/niziointerior.pl\/f15-black\/#respond"]}]},{"@type":"WebPage","@id":"https:\/\/niziointerior.pl\/f15-black\/","url":"https:\/\/niziointerior.pl\/f15-black\/","name":"F|15 black - Nizio Interior","isPartOf":{"@id":"https:\/\/niziointerior.pl\/#website"},"primaryImageOfPage":{"@id":"https:\/\/niziointerior.pl\/f15-black\/#primaryimage"},"image":{"@id":"https:\/\/niziointerior.pl\/f15-black\/#primaryimage"},"thumbnailUrl":"https:\/\/niziointerior.pl\/wp-content\/uploads\/2025\/07\/F-15_a.jpg","datePublished":"2025-07-04T09:47:58+00:00","dateModified":"2025-11-06T04:38:02+00:00","breadcrumb":{"@id":"https:\/\/niziointerior.pl\/f15-black\/#breadcrumb"},"inLanguage":"en-GB","potentialAction":[{"@type":"ReadAction","target":["https:\/\/niziointerior.pl\/f15-black\/"]}]},{"@type":"ImageObject","inLanguage":"en-GB","@id":"https:\/\/niziointerior.pl\/f15-black\/#primaryimage","url":"https:\/\/niziointerior.pl\/wp-content\/uploads\/2025\/07\/F-15_a.jpg","contentUrl":"https:\/\/niziointerior.pl\/wp-content\/uploads\/2025\/07\/F-15_a.jpg","width":363,"height":544},{"@type":"BreadcrumbList","@id":"https:\/\/niziointerior.pl\/f15-black\/#breadcrumb","itemListElement":[{"@type":"ListItem","position":1,"name":"Strona g\u0142\u00f3wna","item":"https:\/\/niziointerior.pl\/"},{"@type":"ListItem","position":2,"name":"F|15 black"}]},{"@type":"WebSite","@id":"https:\/\/niziointerior.pl\/#website","url":"https:\/\/niziointerior.pl\/","name":"Nizio Interior","description":"","publisher":{"@id":"https:\/\/niziointerior.pl\/#organization"},"potentialAction":[{"@type":"SearchAction","target":{"@type":"EntryPoint","urlTemplate":"https:\/\/niziointerior.pl\/?s={search_term_string}"},"query-input":{"@type":"PropertyValueSpecification","valueRequired":true,"valueName":"search_term_string"}}],"inLanguage":"en-GB"},{"@type":"Organization","@id":"https:\/\/niziointerior.pl\/#organization","name":"Nizio Interior","url":"https:\/\/niziointerior.pl\/","logo":{"@type":"ImageObject","inLanguage":"en-GB","@id":"https:\/\/niziointerior.pl\/#\/schema\/logo\/image\/","url":"https:\/\/niziointerior.pl\/wp-content\/uploads\/2025\/06\/Vector1.png","contentUrl":"https:\/\/niziointerior.pl\/wp-content\/uploads\/2025\/06\/Vector1.png","width":512,"height":815,"caption":"Nizio Interior"},"image":{"@id":"https:\/\/niziointerior.pl\/#\/schema\/logo\/image\/"}},{"@type":"Person","@id":"https:\/\/niziointerior.pl\/#\/schema\/person\/9b3f4c966e4bf7dca745a02ff6f9d9e3","name":"admin","image":{"@type":"ImageObject","inLanguage":"en-GB","@id":"https:\/\/niziointerior.pl\/#\/schema\/person\/image\/","url":"https:\/\/secure.gravatar.com\/avatar\/76442c323348fb7fa63d7d5b8a18b139f26eef839f4c4fb805077a15af08f3fe?s=96&d=mm&r=g","contentUrl":"https:\/\/secure.gravatar.com\/avatar\/76442c323348fb7fa63d7d5b8a18b139f26eef839f4c4fb805077a15af08f3fe?s=96&d=mm&r=g","caption":"admin"},"sameAs":["http:\/\/niziointerior.pl"],"url":"https:\/\/niziointerior.pl\/en\/author\/admin\/"}]}},"_links":{"self":[{"href":"https:\/\/niziointerior.pl\/en\/wp-json\/wp\/v2\/posts\/742","targetHints":{"allow":["GET"]}}],"collection":[{"href":"https:\/\/niziointerior.pl\/en\/wp-json\/wp\/v2\/posts"}],"about":[{"href":"https:\/\/niziointerior.pl\/en\/wp-json\/wp\/v2\/types\/post"}],"author":[{"embeddable":true,"href":"https:\/\/niziointerior.pl\/en\/wp-json\/wp\/v2\/users\/1"}],"replies":[{"embeddable":true,"href":"https:\/\/niziointerior.pl\/en\/wp-json\/wp\/v2\/comments?post=742"}],"version-history":[{"count":4,"href":"https:\/\/niziointerior.pl\/en\/wp-json\/wp\/v2\/posts\/742\/revisions"}],"predecessor-version":[{"id":960,"href":"https:\/\/niziointerior.pl\/en\/wp-json\/wp\/v2\/posts\/742\/revisions\/960"}],"wp:featuredmedia":[{"embeddable":true,"href":"https:\/\/niziointerior.pl\/en\/wp-json\/wp\/v2\/media\/743"}],"wp:attachment":[{"href":"https:\/\/niziointerior.pl\/en\/wp-json\/wp\/v2\/media?parent=742"}],"wp:term":[{"taxonomy":"category","embeddable":true,"href":"https:\/\/niziointerior.pl\/en\/wp-json\/wp\/v2\/categories?post=742"},{"taxonomy":"post_tag","embeddable":true,"href":"https:\/\/niziointerior.pl\/en\/wp-json\/wp\/v2\/tags?post=742"}],"curies":[{"name":"wp","href":"https:\/\/api.w.org\/{rel}","templated":true}]}}